{"id":2651,"date":"2025-03-06T00:00:00","date_gmt":"2025-03-05T23:00:00","guid":{"rendered":"https:\/\/professeursdefrancais.com\/sem-categoria\/titulo-2\/"},"modified":"2025-09-29T10:00:44","modified_gmt":"2025-09-29T08:00:44","slug":"titulo-2","status":"publish","type":"post","link":"https:\/\/professeursdefrancais.com\/pt-pt\/aprender-frances\/titulo-2\/","title":{"rendered":"Cal\u00e3o franc\u00eas: compreender a linguagem dos jovens"},"content":{"rendered":"<h2>O que \u00e9 a g\u00edria francesa?<\/h2>\n<p><strong>A g\u00edria francesa<\/strong>, parte integrante do patrim\u00f3nio lingu\u00edstico da Fran\u00e7a, \u00e9 uma forma de linguagem popular utilizada principalmente pelas gera\u00e7\u00f5es mais jovens. Caracteriza-se por um vocabul\u00e1rio colorido, colorido e muito fluido, reflectindo frequentemente as preocupa\u00e7\u00f5es, os sentimentos e a realidade quotidiana dos seus utilizadores. O cal\u00e3o sempre evoluiu ao longo do tempo e continua a surgir, incorporando novas express\u00f5es provenientes dos grandes centros urbanos e das redes sociais. Esta linguagem viva, marcada pela sua espontaneidade, tornou-se essencial para compreender a juventude contempor\u00e2nea. O uso frequente de<strong>express\u00f5es populares<\/strong> permite aos grupos sociais criar a sua pr\u00f3pria identidade e refor\u00e7ar os la\u00e7os de cumplicidade entre os seus membros. Desta forma, a g\u00edria torna-se um poderoso instrumento de express\u00e3o de grupo, transmitindo na perfei\u00e7\u00e3o as nuances das emo\u00e7\u00f5es e das situa\u00e7\u00f5es vividas pelos jovens.     <\/p>\n<p>O cal\u00e3o \u00e9 frequentemente uma mistura original de termos emprestados de l\u00ednguas estrangeiras, abreviaturas invulgares e neologismos criativos. Hoje em dia, gra\u00e7as \u00e0 Internet e a plataformas sociais como o Instagram, o Snapchat e o TikTok, as novas express\u00f5es atravessam rapidamente as fronteiras e tornam-se populares em todas as regi\u00f5es de Fran\u00e7a. Est\u00e1 a surgir um jarg\u00e3o din\u00e2mico que enriquece constantemente a l\u00edngua francesa com express\u00f5es ousadas, divertidas e por vezes misteriosas para as gera\u00e7\u00f5es anteriores.  <\/p>\n<h2>Origens hist\u00f3ricas e culturais da express\u00e3o popular<\/h2>\n<p>Historicamente,<strong>a g\u00edria francesa<\/strong> tem as suas ra\u00edzes na Idade M\u00e9dia, no dialeto espec\u00edfico dos comerciantes, artes\u00e3os e outros forasteiros. Desde ent\u00e3o, foi uma forma eficaz de estes grupos preservarem a sua privacidade, criando uma linguagem incompreens\u00edvel para o p\u00fablico em geral. Ao longo dos s\u00e9culos, estes termos populares foram penetrando lentamente na sociedade, enraizando-se na cultura francesa. No s\u00e9culo XIX, autores como Victor Hugo e Honor\u00e9 de Balzac ajudaram a popularizar o uso de certas express\u00f5es de cal\u00e3o, dando-lhes uma visibilidade liter\u00e1ria e cultural sem precedentes.   <\/p>\n<p>Hoje em dia, o cal\u00e3o ganhou legitimidade e representa um verdadeiro patrim\u00f3nio lingu\u00edstico e social. No seu tempo, o cantor Renaud popularizou muitas destas express\u00f5es, que reflectem perfeitamente o quotidiano franc\u00eas nos bairros populares. A m\u00fasica urbana atual, nomeadamente o rap e o slam, desempenha tamb\u00e9m um papel fundamental na divulga\u00e7\u00e3o de novas express\u00f5es. Certas palavras tornaram-se ic\u00f3nicas atrav\u00e9s dos t\u00edtulos das can\u00e7\u00f5es, como &#8220;seum&#8221;, &#8220;daron&#8221; ou &#8220;boloss&#8221;, palavras-chave que est\u00e3o agora amplamente integradas na linguagem das gera\u00e7\u00f5es mais jovens e nas <strong>express\u00f5es populares<\/strong> contempor\u00e2neas.   <\/p>\n<h2>As express\u00f5es mais populares utilizadas pelos jovens<\/h2>\n<p>Para compreender melhor a linguagem dos jovens de hoje, \u00e9 essencial aprender algumas das principais <strong>express\u00f5es populares<\/strong>. Por exemplo, &#8220;chelou&#8221; significa estranho ou duvidoso. Da mesma forma, &#8220;gal\u00e8re&#8221; exprime uma dificuldade ou uma situa\u00e7\u00e3o problem\u00e1tica, e &#8220;kiffer&#8221; exprime o facto de apreciar fortemente algu\u00e9m ou alguma coisa. A express\u00e3o &#8220;avoir le seum&#8221;, por outro lado, indica um sentimento de frustra\u00e7\u00e3o ou de raiva. Estas palavras s\u00e3o muito comuns entre os adolescentes e fazem parte integrante das trocas quotidianas, tanto na rua como nas redes sociais.    <\/p>\n<p>Al\u00e9m disso, algumas express\u00f5es prov\u00eam diretamente de l\u00ednguas estrangeiras ou do verlan, uma forma de cal\u00e3o que inverte as s\u00edlabas de palavras comuns: por exemplo, &#8220;ouf&#8221; significa &#8220;louco&#8221;, &#8220;teuf&#8221; significa &#8220;festa&#8221; e &#8220;laisse b\u00e9ton&#8221; equivale a &#8220;deixar cair&#8221;. Estes termos s\u00e3o particularmente populares entre a gera\u00e7\u00e3o mais jovem e acrescentam uma riqueza extra ao franc\u00eas contempor\u00e2neo. A aprendizagem destas palavras e express\u00f5es ajud\u00e1-lo-\u00e1 a comunicar melhor com os jovens e a compreender melhor o universo cultural em que vivem diariamente.  <\/p>\n<h2>A import\u00e2ncia de compreender a g\u00edria para a comunica\u00e7\u00e3o entre gera\u00e7\u00f5es<\/h2>\n<p>A compreens\u00e3o da g\u00edria<strong>francesa<\/strong> e da l\u00edngua dos jovens \u00e9 um fator importante para promover a comunica\u00e7\u00e3o entre as gera\u00e7\u00f5es. As express\u00f5es da g\u00edria contempor\u00e2nea s\u00e3o por vezes fonte de mal-entendidos ou de incompreens\u00e3o entre os adultos e os idosos. No entanto, o seu dom\u00ednio n\u00e3o s\u00f3 contribui para uma melhor compreens\u00e3o m\u00fatua, como tamb\u00e9m permite \u00e0s diferentes gera\u00e7\u00f5es partilhar uma riqueza lingu\u00edstica comum. Em algumas fam\u00edlias, as express\u00f5es populares tornaram-se um meio de interc\u00e2mbio agrad\u00e1vel e convivial.   <\/p>\n<p>Por outro lado, a utiliza\u00e7\u00e3o generalizada do cal\u00e3o entre os jovens reflecte a sua necessidade de criar uma comunidade que partilhe um universo lingu\u00edstico comum. Isto ajuda-os a construir uma identidade \u00fanica, a refor\u00e7ar o seu sentimento de perten\u00e7a e a exprimir as suas experi\u00eancias de uma forma sincera e aut\u00eantica. No entanto, \u00e9 tamb\u00e9m importante que os jovens tenham um s\u00f3lido dom\u00ednio da l\u00edngua francesa cl\u00e1ssica para se adaptarem a diferentes contextos sociais e profissionais. Em suma, a g\u00edria n\u00e3o \u00e9 apenas uma fantasia lingu\u00edstica moment\u00e2nea, mas um verdadeiro vetor de express\u00e3o cultural que, quando compreendido e respeitado, enriquece inegavelmente os interc\u00e2mbios e as rela\u00e7\u00f5es intergeracionais na sociedade francesa.   <\/p>\n","protected":false},"excerpt":{"rendered":"<p>O que \u00e9 a g\u00edria francesa? A g\u00edria francesa, parte integrante do patrim\u00f3nio lingu\u00edstico da Fran\u00e7a, \u00e9 uma forma de linguagem popular utilizada principalmente pelas gera\u00e7\u00f5es mais jovens. Caracteriza-se por um vocabul\u00e1rio colorido, colorido e muito fluido, reflectindo frequentemente as preocupa\u00e7\u00f5es, os sentimentos e a realidade quotidiana dos seus utilizadores. O cal\u00e3o sempre evoluiu ao [&hellip;]<\/p>\n","protected":false},"author":1,"featured_media":0,"comment_status":"closed","ping_status":"closed","sticky":false,"template":"","format":"standard","meta":{"_seopress_robots_primary_cat":"none","_seopress_titles_title":"","_seopress_titles_desc":"","_seopress_robots_index":"","footnotes":""},"categories":[126],"tags":[],"class_list":["post-2651","post","type-post","status-publish","format-standard","hentry","category-aprender-frances"],"_links":{"self":[{"href":"https:\/\/professeursdefrancais.com\/pt-pt\/wp-json\/wp\/v2\/posts\/2651","targetHints":{"allow":["GET"]}}],"collection":[{"href":"https:\/\/professeursdefrancais.com\/pt-pt\/wp-json\/wp\/v2\/posts"}],"about":[{"href":"https:\/\/professeursdefrancais.com\/pt-pt\/wp-json\/wp\/v2\/types\/post"}],"author":[{"embeddable":true,"href":"https:\/\/professeursdefrancais.com\/pt-pt\/wp-json\/wp\/v2\/users\/1"}],"replies":[{"embeddable":true,"href":"https:\/\/professeursdefrancais.com\/pt-pt\/wp-json\/wp\/v2\/comments?post=2651"}],"version-history":[{"count":0,"href":"https:\/\/professeursdefrancais.com\/pt-pt\/wp-json\/wp\/v2\/posts\/2651\/revisions"}],"wp:attachment":[{"href":"https:\/\/professeursdefrancais.com\/pt-pt\/wp-json\/wp\/v2\/media?parent=2651"}],"wp:term":[{"taxonomy":"category","embeddable":true,"href":"https:\/\/professeursdefrancais.com\/pt-pt\/wp-json\/wp\/v2\/categories?post=2651"},{"taxonomy":"post_tag","embeddable":true,"href":"https:\/\/professeursdefrancais.com\/pt-pt\/wp-json\/wp\/v2\/tags?post=2651"}],"curies":[{"name":"wp","href":"https:\/\/api.w.org\/{rel}","templated":true}]}}