{"id":3045,"date":"2025-06-17T00:00:00","date_gmt":"2025-06-16T22:00:00","guid":{"rendered":"https:\/\/professeursdefrancais.com\/sem-categoria\/frances-no-mundo-estatisticas-e-evolucao\/"},"modified":"2025-06-17T00:00:00","modified_gmt":"2025-06-16T22:00:00","slug":"frances-no-mundo-estatisticas-e-evolucao","status":"publish","type":"post","link":"https:\/\/professeursdefrancais.com\/pt-pt\/aprender-frances\/frances-no-mundo-estatisticas-e-evolucao\/","title":{"rendered":"Franc\u00eas no mundo: estat\u00edsticas e evolu\u00e7\u00e3o"},"content":{"rendered":"<h2>A expans\u00e3o da l\u00edngua francesa pelos continentes<\/h2>\n<p>Hoje, a presen\u00e7a da l\u00edngua francesa no mundo est\u00e1 experimentando um crescimento not\u00e1vel, impulsionado por sua expans\u00e3o em regi\u00f5es t\u00e3o diversas como a \u00c1frica Subsaariana, \u00c1sia, Am\u00e9rica do Norte e Oriente M\u00e9dio. De acordo com as \u00faltimas estat\u00edsticas publicadas pela Organiza\u00e7\u00e3o Internacional da Francofonia (OIF), **mais de 320 milh\u00f5es de pessoas falam franc\u00eas** nos cinco continentes, colocando a l\u00edngua francesa na quinta posi\u00e7\u00e3o entre as l\u00ednguas mais faladas no mundo. Em \u00c1frica, em particular, onde o franc\u00eas continua a ser uma das principais l\u00ednguas oficiais, estima-se que o n\u00famero de franc\u00f3fonos possa atingir at\u00e9 *700 milh\u00f5es at\u00e9 2050**. Este crescimento excecional pode ser explicado pela demografia din\u00e2mica do continente africano e pela crescente utiliza\u00e7\u00e3o do franc\u00eas nos sectores econ\u00f3mico e educativo.   <\/p>\n<p>Gra\u00e7as a esta r\u00e1pida expans\u00e3o, o estatuto internacional da Fran\u00e7a \u00e9 fortemente refor\u00e7ado. A l\u00edngua francesa tornou-se assim indispens\u00e1vel nos dom\u00ednios da diplomacia, do com\u00e9rcio internacional, da ci\u00eancia, bem como do cinema e da arte. Al\u00e9m disso, regi\u00f5es como a Am\u00e9rica do Norte (particularmente Quebec e Louisiana), Vietn\u00e3 e L\u00edbano tamb\u00e9m mant\u00eam uma forte presen\u00e7a do franc\u00eas, atestando assim sua versatilidade e sua grande capacidade de adapta\u00e7\u00e3o a v\u00e1rios contextos culturais.  <\/p>\n<h2>Estat\u00edsticas recentes: uma vis\u00e3o num\u00e9rica da evolu\u00e7\u00e3o do franc\u00eas<\/h2>\n<p>De acordo com relat\u00f3rios recentes divulgados pela OIF, o uso da **l\u00edngua francesa no mundo** est\u00e1 em uma fase de crescimento constante. Atualmente, entre os 320 milh\u00f5es de franc\u00f3fonos enumerados, cerca de 50 milh\u00f5es utilizam o franc\u00eas como l\u00edngua materna. Estas estat\u00edsticas evidenciam claramente um facto not\u00e1vel: s\u00e3o agora os franc\u00f3fonos de segunda categoria, ou &#8220;franc\u00f3fonos parciais&#8221;, de pa\u00edses n\u00e3o europeus, principalmente africanos, que dominam estatisticamente esta expans\u00e3o lingu\u00edstica global. Assim, a Fran\u00e7a metropolitana representa apenas cerca de 20% do n\u00famero total mundial de falantes de franc\u00eas.   <\/p>\n<p>Al\u00e9m disso, os pa\u00edses franc\u00f3fonos registam um aumento acentuado do n\u00famero de alunos matriculados em v\u00e1rios sistemas educativos bilingues, multilingues ou puramente franc\u00f3fonos. Atualmente, cerca de 125 milh\u00f5es de pessoas aprendem franc\u00eas como l\u00edngua estrangeira, um n\u00famero que aumentou acentuadamente nos \u00faltimos dez anos. Esta din\u00e2mica de aprendizagem da l\u00edngua francesa diz respeito, em particular, aos pa\u00edses emergentes com os quais a Fran\u00e7a mant\u00e9m j\u00e1 importantes la\u00e7os econ\u00f3micos e culturais, garantindo assim o seu papel central na cena internacional.  <\/p>\n<h2>As principais causas da expans\u00e3o do franc\u00eas no mundo<\/h2>\n<p>Este forte crescimento demogr\u00e1fico dos falantes de franc\u00eas em v\u00e1rias regi\u00f5es do mundo pode ser explicado por v\u00e1rios fatores importantes. Em primeiro lugar, s\u00f3 o crescimento exponencial da popula\u00e7\u00e3o na \u00c1frica Subsariana garante um aumento acentuado do n\u00famero de falantes de franc\u00eas na regi\u00e3o. O franc\u00eas ainda \u00e9 amplamente utilizado como l\u00edngua oficial de educa\u00e7\u00e3o, meios de comunica\u00e7\u00e3o e administra\u00e7\u00e3o em muitos pa\u00edses do mundo africano franc\u00f3fono, como Senegal, Costa do Marfim, Camar\u00f5es, Rep\u00fablica Democr\u00e1tica do Congo e Burkina Faso.  <\/p>\n<p>Em segundo lugar, o crescimento econ\u00f4mico de v\u00e1rios desses pa\u00edses acentuou ainda mais a dissemina\u00e7\u00e3o do franc\u00eas, considerado uma ferramenta indispens\u00e1vel no setor empresarial internacional e nas trocas comerciais. O crescimento do setor tecnol\u00f3gico, particularmente nos pa\u00edses africanos franc\u00f3fonos, est\u00e1 tamb\u00e9m a impulsionar uma maior utiliza\u00e7\u00e3o do franc\u00eas utilizado no setor digital e na inova\u00e7\u00e3o tecnol\u00f3gica. Da mesma forma, os esfor\u00e7os de institui\u00e7\u00f5es internacionais como a OIF, que promove ativamente a promo\u00e7\u00e3o cultural e a educa\u00e7\u00e3o do franc\u00eas em escala global, contribuem grandemente para o seu crescimento e crescente reconhecimento internacional.  <\/p>\n<h2>Perspetivas futuras para a l\u00edngua francesa em todo o mundo<\/h2>\n<p>As perspetivas a m\u00e9dio e longo prazo parecem promissoras para a l\u00edngua francesa. De facto, as previs\u00f5es atuais indicam que, at\u00e9 2050, o franc\u00eas poder\u00e1 tornar-se a l\u00edngua materna e a l\u00edngua oficial mais utilizadas a seguir ao ingl\u00eas, gra\u00e7as, em especial, \u00e0 sua forte presen\u00e7a em \u00c1frica e \u00e0 sua crescente presen\u00e7a na \u00c1sia. Al\u00e9m disso, a crescente influ\u00eancia cultural e econ\u00f3mica da Fran\u00e7a, bem como o seu envolvimento nos assuntos mundiais, est\u00e3o a refor\u00e7ar o interesse em aprender franc\u00eas como l\u00edngua estrangeira a n\u00edvel internacional.  <\/p>\n<p>A promo\u00e7\u00e3o da educa\u00e7\u00e3o bilingue a n\u00edvel internacional, o investimento maci\u00e7o na tecnologia digital de l\u00edngua francesa e o desenvolvimento de programas educativos e tur\u00edsticos direcionados permitir\u00e3o, sem d\u00favida, consolidar a influ\u00eancia global da l\u00edngua francesa a longo prazo. O futuro lingu\u00edstico do franc\u00eas parece, portanto, promissor, apoiado por uma not\u00e1vel vitalidade cultural, demogr\u00e1fica e econ\u00f3mica. Assim, o franc\u00eas continua a ser uma l\u00edngua forte em constante inova\u00e7\u00e3o, pronta para enfrentar os grandes desafios do s\u00e9culo XXI atrav\u00e9s da sua cont\u00ednua expans\u00e3o por todas as regi\u00f5es do globo.  <\/p>\n","protected":false},"excerpt":{"rendered":"<p>A expans\u00e3o da l\u00edngua francesa pelos continentes Hoje, a presen\u00e7a da l\u00edngua francesa no mundo est\u00e1 experimentando um crescimento not\u00e1vel, impulsionado por sua expans\u00e3o em regi\u00f5es t\u00e3o diversas como a \u00c1frica Subsaariana, \u00c1sia, Am\u00e9rica do Norte e Oriente M\u00e9dio. De acordo com as \u00faltimas estat\u00edsticas publicadas pela Organiza\u00e7\u00e3o Internacional da Francofonia (OIF), **mais de 320 [&hellip;]<\/p>\n","protected":false},"author":1,"featured_media":0,"comment_status":"closed","ping_status":"closed","sticky":false,"template":"","format":"standard","meta":{"_seopress_robots_primary_cat":"none","_seopress_titles_title":"","_seopress_titles_desc":"","_seopress_robots_index":"","footnotes":""},"categories":[126],"tags":[],"class_list":["post-3045","post","type-post","status-publish","format-standard","hentry","category-aprender-frances"],"_links":{"self":[{"href":"https:\/\/professeursdefrancais.com\/pt-pt\/wp-json\/wp\/v2\/posts\/3045","targetHints":{"allow":["GET"]}}],"collection":[{"href":"https:\/\/professeursdefrancais.com\/pt-pt\/wp-json\/wp\/v2\/posts"}],"about":[{"href":"https:\/\/professeursdefrancais.com\/pt-pt\/wp-json\/wp\/v2\/types\/post"}],"author":[{"embeddable":true,"href":"https:\/\/professeursdefrancais.com\/pt-pt\/wp-json\/wp\/v2\/users\/1"}],"replies":[{"embeddable":true,"href":"https:\/\/professeursdefrancais.com\/pt-pt\/wp-json\/wp\/v2\/comments?post=3045"}],"version-history":[{"count":0,"href":"https:\/\/professeursdefrancais.com\/pt-pt\/wp-json\/wp\/v2\/posts\/3045\/revisions"}],"wp:attachment":[{"href":"https:\/\/professeursdefrancais.com\/pt-pt\/wp-json\/wp\/v2\/media?parent=3045"}],"wp:term":[{"taxonomy":"category","embeddable":true,"href":"https:\/\/professeursdefrancais.com\/pt-pt\/wp-json\/wp\/v2\/categories?post=3045"},{"taxonomy":"post_tag","embeddable":true,"href":"https:\/\/professeursdefrancais.com\/pt-pt\/wp-json\/wp\/v2\/tags?post=3045"}],"curies":[{"name":"wp","href":"https:\/\/api.w.org\/{rel}","templated":true}]}}