{"id":3339,"date":"2025-10-18T18:05:31","date_gmt":"2025-10-18T16:05:31","guid":{"rendered":"https:\/\/professeursdefrancais.com\/sem-categoria\/frances-na-onu-prestigio-ou-simbolo-inutil\/"},"modified":"2025-10-18T18:05:56","modified_gmt":"2025-10-18T16:05:56","slug":"frances-na-onu-prestigio-ou-simbolo-inutil","status":"publish","type":"post","link":"https:\/\/professeursdefrancais.com\/pt-pt\/noticias-em-frances\/frances-na-onu-prestigio-ou-simbolo-inutil\/","title":{"rendered":"Franc\u00eas na ONU: prest\u00edgio ou s\u00edmbolo in\u00fatil?"},"content":{"rendered":"<p>O franc\u00eas na ONU \u00e9 objeto de um debate recorrente: prest\u00edgio hist\u00f3rico ou um s\u00edmbolo in\u00fatil face \u00e0 hegemonia dos ingleses? Este papel da l\u00edngua francesa nas Na\u00e7\u00f5es Unidas merece ser analisado numa perspetiva diplom\u00e1tica, cultural e pr\u00e1tica. <\/p>\n<p>L\u00edngua oficial desde a cria\u00e7\u00e3o da ONU, o franc\u00eas \u00e9 uma das seis l\u00ednguas de trabalho reconhecidas (juntamente com o ingl\u00eas, o espanhol, o russo, o chin\u00eas e o \u00e1rabe). Este reconhecimento n\u00e3o \u00e9 apenas simb\u00f3lico: garante acesso a documentos, interpreta\u00e7\u00e3o em reuni\u00f5es e visibilidade jur\u00eddica na elabora\u00e7\u00e3o de resolu\u00e7\u00f5es. Para os pa\u00edses franc\u00f3fonos e para a Francofonia, a presen\u00e7a francesa na ONU representa uma alavanca de influ\u00eancia e um vetor de coopera\u00e7\u00e3o cultural e pol\u00edtica.  <\/p>\n<p>Em termos de prest\u00edgio, o franc\u00eas mant\u00e9m uma imagem de l\u00edngua da diplomacia e do direito internacional. V\u00e1rios Estados africanos, europeus e latino-americanos continuam a utilizar o franc\u00eas como l\u00edngua oficial ou de trabalho, o que refor\u00e7a a relev\u00e2ncia de uma forte presen\u00e7a desta l\u00edngua nos f\u00f3runs multilaterais. Manter o franc\u00eas na ONU significa tamb\u00e9m preservar a diversidade lingu\u00edstica que reflete um compromisso com o multilinguismo e a equidade cultural.  <\/p>\n<p>No entanto, os cr\u00edticos apontam para o custo e a efic\u00e1cia. A interpreta\u00e7\u00e3o simult\u00e2nea, a tradu\u00e7\u00e3o de milhares de documentos e a manuten\u00e7\u00e3o de equipas lingu\u00edsticas especializadas representam or\u00e7amentos significativos. Num contexto em que o ingl\u00eas domina largamente a comunica\u00e7\u00e3o diplom\u00e1tica e em que as ferramentas de tradu\u00e7\u00e3o autom\u00e1tica est\u00e3o a avan\u00e7ar, alguns consideram o franc\u00eas um luxo caro e, por vezes, redundante.  <\/p>\n<p>A realidade \u00e9 matizada. Embora a tradu\u00e7\u00e3o autom\u00e1tica e a intelig\u00eancia artificial facilitem o acesso \u00e0 informa\u00e7\u00e3o, n\u00e3o substituem completamente a delicadeza e a seguran\u00e7a jur\u00eddica de uma tradu\u00e7\u00e3o humana, especialmente para textos sens\u00edveis. Al\u00e9m disso, a l\u00edngua desempenha um papel identit\u00e1rio: o apagamento do franc\u00eas de certos usos oficiais poderia enfraquecer a visibilidade pol\u00edtica dos pa\u00edses franc\u00f3fonos.  <\/p>\n<p>Que estrat\u00e9gia para o futuro? Investir na forma\u00e7\u00e3o de int\u00e9rpretes e tradutores, modernizar as ferramentas digitais em franc\u00eas e promover a presen\u00e7a cultural franc\u00f3fona s\u00e3o formas de conciliar efici\u00eancia e diversidade. As Na\u00e7\u00f5es Unidas beneficiariam com a preserva\u00e7\u00e3o de um multilinguismo eficaz, n\u00e3o s\u00f3 para prest\u00edgio, mas tamb\u00e9m para assegurar uma representa\u00e7\u00e3o equitativa.  <\/p>\n<p>O franc\u00eas na ONU \u00e9, portanto, ao mesmo tempo uma heran\u00e7a de prest\u00edgio e um s\u00edmbolo que requer justifica\u00e7\u00e3o pr\u00e1tica. Mais do que escolher entre o prest\u00edgio e a inutilidade, trata-se de adaptar e inovar para que a l\u00edngua francesa continue a ser um verdadeiro trunfo no centro da diplomacia multilateral. <\/p>\n","protected":false},"excerpt":{"rendered":"<p>O franc\u00eas na ONU \u00e9 objeto de um debate recorrente: prest\u00edgio hist\u00f3rico ou um s\u00edmbolo in\u00fatil face \u00e0 hegemonia dos ingleses? Este papel da l\u00edngua francesa nas Na\u00e7\u00f5es Unidas merece ser analisado numa perspetiva diplom\u00e1tica, cultural e pr\u00e1tica. L\u00edngua oficial desde a cria\u00e7\u00e3o da ONU, o franc\u00eas \u00e9 uma das seis l\u00ednguas de trabalho reconhecidas [&hellip;]<\/p>\n","protected":false},"author":1,"featured_media":3340,"comment_status":"closed","ping_status":"","sticky":false,"template":"","format":"standard","meta":{"_seopress_robots_primary_cat":"","_seopress_titles_title":"","_seopress_titles_desc":"","_seopress_robots_index":"","footnotes":""},"categories":[150],"tags":[],"class_list":["post-3339","post","type-post","status-publish","format-standard","has-post-thumbnail","hentry","category-noticias-em-frances"],"_links":{"self":[{"href":"https:\/\/professeursdefrancais.com\/pt-pt\/wp-json\/wp\/v2\/posts\/3339","targetHints":{"allow":["GET"]}}],"collection":[{"href":"https:\/\/professeursdefrancais.com\/pt-pt\/wp-json\/wp\/v2\/posts"}],"about":[{"href":"https:\/\/professeursdefrancais.com\/pt-pt\/wp-json\/wp\/v2\/types\/post"}],"author":[{"embeddable":true,"href":"https:\/\/professeursdefrancais.com\/pt-pt\/wp-json\/wp\/v2\/users\/1"}],"replies":[{"embeddable":true,"href":"https:\/\/professeursdefrancais.com\/pt-pt\/wp-json\/wp\/v2\/comments?post=3339"}],"version-history":[{"count":0,"href":"https:\/\/professeursdefrancais.com\/pt-pt\/wp-json\/wp\/v2\/posts\/3339\/revisions"}],"wp:featuredmedia":[{"embeddable":true,"href":"https:\/\/professeursdefrancais.com\/pt-pt\/wp-json\/wp\/v2\/media\/3340"}],"wp:attachment":[{"href":"https:\/\/professeursdefrancais.com\/pt-pt\/wp-json\/wp\/v2\/media?parent=3339"}],"wp:term":[{"taxonomy":"category","embeddable":true,"href":"https:\/\/professeursdefrancais.com\/pt-pt\/wp-json\/wp\/v2\/categories?post=3339"},{"taxonomy":"post_tag","embeddable":true,"href":"https:\/\/professeursdefrancais.com\/pt-pt\/wp-json\/wp\/v2\/tags?post=3339"}],"curies":[{"name":"wp","href":"https:\/\/api.w.org\/{rel}","templated":true}]}}