{"id":3571,"date":"2025-11-03T18:06:25","date_gmt":"2025-11-03T17:06:25","guid":{"rendered":"https:\/\/professeursdefrancais.com\/sem-categoria\/por-que-os-franceses-adoram-palavroes\/"},"modified":"2025-11-03T18:06:50","modified_gmt":"2025-11-03T17:06:50","slug":"por-que-os-franceses-adoram-palavroes","status":"publish","type":"post","link":"https:\/\/professeursdefrancais.com\/pt-pt\/noticias-em-frances\/por-que-os-franceses-adoram-palavroes\/","title":{"rendered":"Por que os franceses adoram palavr\u00f5es"},"content":{"rendered":"<p>Os palavr\u00f5es s\u00e3o parte integrante da l\u00edngua francesa: \u00e0s vezes bruscos, muitas vezes inventivos, eles s\u00e3o usados em todos os lugares &#8211; na rua, no bistr\u00f4, em casa ou na tela. Mas por que os franceses parecem t\u00e3o apegados a esses palavr\u00f5es? S\u00e3o v\u00e1rias as raz\u00f5es sociolingu\u00edsticas, hist\u00f3ricas e culturais para este amor pelos palavr\u00f5es.  <\/p>\n<p>Fun\u00e7\u00e3o expressiva e emocional<\/p>\n<p>Os palavr\u00f5es servem como uma sa\u00edda emocional. Uma &#8220;merda&#8221; solta ap\u00f3s um imprevisto ou uma &#8220;porra&#8221; pronunciada na dor permite que voc\u00ea evacue a tens\u00e3o mais rapidamente do que uma frase constru\u00edda. A n\u00edvel neurol\u00f3gico, o palavr\u00e3o ativa circuitos emocionais e pode at\u00e9 reduzir a perce\u00e7\u00e3o da dor: \u00e9 um mecanismo de defesa simples e eficaz.  <\/p>\n<p>Identidade cultural e humor<\/p>\n<p>Em Fran\u00e7a, os palavr\u00f5es fazem parte de uma tradi\u00e7\u00e3o de ironia e s\u00e1tira. Eles refor\u00e7am a identidade coletiva e muitas vezes servem como uma ferramenta c\u00f4mica: usados com trocadilhos ou esc\u00e1rnio, os palavr\u00f5es se tornam uma marca de intelig\u00eancia. O uso magistral de palavr\u00f5es pode sinalizar uma filia\u00e7\u00e3o social, uma sagacidade c\u00e1ustica ou uma proximidade informal entre interlocutores.  <\/p>\n<p>Papel social e coes\u00e3o<\/p>\n<p>Os palavr\u00f5es t\u00eam uma fun\u00e7\u00e3o social importante: criam cumplicidade. Em grupo, trocas pontuadas por palavr\u00f5es aproximam os indiv\u00edduos, diminuindo barreiras formais. Por outro lado, a sua aus\u00eancia num contexto inadequado marca a dist\u00e2ncia. Assim, a linguagem vulgar torna-se um marcador relacional tanto quanto uma ferramenta expressiva.   <\/p>\n<p>Criatividade lingu\u00edstica<\/p>\n<p>Os franceses n\u00e3o se contentam em repetir insultos: desviam-nos, combinam-nos e inventam-nos. Neologismos, eufemismos e divers\u00f5es (&#8220;amor porra&#8221; ou &#8220;oh a vaca&#8221;) mostram uma grande liberdade lingu\u00edstica. Esta criatividade contribui para o encanto dos palavr\u00f5es e para a sua resist\u00eancia \u00e0 censura.  <\/p>\n<p>Hist\u00f3ria e aceita\u00e7\u00e3o medi\u00e1tica<\/p>\n<p>Os palavr\u00f5es franceses t\u00eam ra\u00edzes hist\u00f3ricas (religi\u00e3o, vida cotidiana, g\u00edrias) e evolu\u00edram com a sociedade. Hoje, a presen\u00e7a de palavr\u00f5es na literatura, no cinema e nos meios de comunica\u00e7\u00e3o reflete uma aceita\u00e7\u00e3o mais ampla: eles s\u00e3o menos tabus, especialmente quando servem \u00e0 representa\u00e7\u00e3o aut\u00eantica do discurso popular. <\/p>\n<p>Quando os palavr\u00f5es s\u00e3o um problema<\/p>\n<p>No entanto, o uso n\u00e3o \u00e9 neutro: pode ferir, excluir ou chocar, dependendo do contexto e da pessoa. Na esfera profissional ou p\u00fablica, a linguagem grosseira pode prejudicar a credibilidade. A chave \u00e9 a adapta\u00e7\u00e3o: saber quando xingar e quando escolher alternativas.  <\/p>\n<p>Em suma, os franceses gostam de palavr\u00f5es porque lhes permitem expressar, aproximar as pessoas, criar e, por vezes, rir. Por tr\u00e1s da aparente vulgaridade est\u00e1 uma riqueza lingu\u00edstica e social que explica por que essas palavras continuam a ocupar um lugar t\u00e3o vis\u00edvel na cultura francesa. <\/p>\n","protected":false},"excerpt":{"rendered":"<p>Os palavr\u00f5es s\u00e3o parte integrante da l\u00edngua francesa: \u00e0s vezes bruscos, muitas vezes inventivos, eles s\u00e3o usados em todos os lugares &#8211; na rua, no bistr\u00f4, em casa ou na tela. Mas por que os franceses parecem t\u00e3o apegados a esses palavr\u00f5es? S\u00e3o v\u00e1rias as raz\u00f5es sociolingu\u00edsticas, hist\u00f3ricas e culturais para este amor pelos palavr\u00f5es. [&hellip;]<\/p>\n","protected":false},"author":1,"featured_media":3576,"comment_status":"closed","ping_status":"","sticky":false,"template":"","format":"standard","meta":{"_seopress_robots_primary_cat":"","_seopress_titles_title":"","_seopress_titles_desc":"","_seopress_robots_index":"","footnotes":""},"categories":[150],"tags":[],"class_list":["post-3571","post","type-post","status-publish","format-standard","has-post-thumbnail","hentry","category-noticias-em-frances"],"_links":{"self":[{"href":"https:\/\/professeursdefrancais.com\/pt-pt\/wp-json\/wp\/v2\/posts\/3571","targetHints":{"allow":["GET"]}}],"collection":[{"href":"https:\/\/professeursdefrancais.com\/pt-pt\/wp-json\/wp\/v2\/posts"}],"about":[{"href":"https:\/\/professeursdefrancais.com\/pt-pt\/wp-json\/wp\/v2\/types\/post"}],"author":[{"embeddable":true,"href":"https:\/\/professeursdefrancais.com\/pt-pt\/wp-json\/wp\/v2\/users\/1"}],"replies":[{"embeddable":true,"href":"https:\/\/professeursdefrancais.com\/pt-pt\/wp-json\/wp\/v2\/comments?post=3571"}],"version-history":[{"count":1,"href":"https:\/\/professeursdefrancais.com\/pt-pt\/wp-json\/wp\/v2\/posts\/3571\/revisions"}],"predecessor-version":[{"id":3582,"href":"https:\/\/professeursdefrancais.com\/pt-pt\/wp-json\/wp\/v2\/posts\/3571\/revisions\/3582"}],"wp:featuredmedia":[{"embeddable":true,"href":"https:\/\/professeursdefrancais.com\/pt-pt\/wp-json\/wp\/v2\/media\/3576"}],"wp:attachment":[{"href":"https:\/\/professeursdefrancais.com\/pt-pt\/wp-json\/wp\/v2\/media?parent=3571"}],"wp:term":[{"taxonomy":"category","embeddable":true,"href":"https:\/\/professeursdefrancais.com\/pt-pt\/wp-json\/wp\/v2\/categories?post=3571"},{"taxonomy":"post_tag","embeddable":true,"href":"https:\/\/professeursdefrancais.com\/pt-pt\/wp-json\/wp\/v2\/tags?post=3571"}],"curies":[{"name":"wp","href":"https:\/\/api.w.org\/{rel}","templated":true}]}}